{"id":21089,"date":"2026-04-28T18:29:33","date_gmt":"2026-04-28T17:29:33","guid":{"rendered":"https:\/\/algeriepresse.dz\/?p=21089"},"modified":"2026-04-28T18:29:33","modified_gmt":"2026-04-28T17:29:33","slug":"reseaux-sociaux-entre-alerte-citoyenne-et-diffamation","status":"publish","type":"post","link":"https:\/\/algeriepresse.dz\/?p=21089","title":{"rendered":"R\u00e9seaux sociaux  : Entre alerte citoyenne et diffamation"},"content":{"rendered":"<p>Espace d\u2019expression lib\u00e9r\u00e9 pour certains, zone de d\u00e9rives pour d\u2019autres, les r\u00e9seaux sociaux en Alg\u00e9rie red\u00e9finissent profond\u00e9ment les contours de la parole publique. Entre d\u00e9nonciation l\u00e9gitime et accusations infond\u00e9es, la fronti\u00e8re juridique et \u00e9thique devient de plus<br \/>\nen plus incertaine.<\/p>\n<p>En Alg\u00e9rie, la parole publique a chang\u00e9 de nature. Elle ne passe plus exclusivement par les m\u00e9dias traditionnels ou les cadres institutionnels. Elle se construit d\u00e9sormais en temps r\u00e9el sur les plateformes num\u00e9riques comme Facebook ou TikTok, o\u00f9 chaque citoyen peut devenir producteur et diffuseur d\u2019information. Cette mutation, souvent per\u00e7ue comme une forme d\u2019ouverture d\u00e9mocratique, porte cependant une tension croissante : celle qui oppose l\u2019alerte citoyenne \u00e0 la diffamation.<br \/>\nDans cet espace num\u00e9rique, publier est devenu un r\u00e9flexe. Filmer, d\u00e9noncer, accuser, exposer : autant d\u2019actes d\u00e9sormais r\u00e9alis\u00e9s sans m\u00e9diation. Une vid\u00e9o film\u00e9e au t\u00e9l\u00e9phone, un t\u00e9moignage publi\u00e9 sous l\u2019\u00e9motion ou une accusation relay\u00e9e sans v\u00e9rification peuvent suffire \u00e0 d\u00e9clencher une forte r\u00e9action en cha\u00eene. Dans cette dynamique, la nuance est souvent la premi\u00e8re victime, avant m\u00eame la v\u00e9rit\u00e9.<br \/>\nLe droit alg\u00e9rien encadre pourtant ces pratiques. Interrog\u00e9 par Alg\u00e9rie Presse, Me A.B., avocat pr\u00e8s du barreau de Relizane, rappelle que le code p\u00e9nal sanctionne les atteintes \u00e0 l\u2019honneur, \u00e0 la consid\u00e9ration et \u00e0 l\u2019image, y compris lorsqu\u2019elles sont commises via les r\u00e9seaux sociaux. \u00c0 cela s\u2019ajoute la loi 09-04 relative aux technologies de l\u2019information et de la communication, qui \u00e9tend la responsabilit\u00e9 p\u00e9nale aux contenus num\u00e9riques. Autrement dit, publier en ligne n\u2019est pas un acte neutre : il engage juridiquement son auteur.<br \/>\nMais la r\u00e9alit\u00e9 num\u00e9rique d\u00e9passe souvent le cadre l\u00e9gal. Dans la pratique, la fronti\u00e8re entre alerter et diffamer repose moins sur l\u2019intention que sur la m\u00e9thode. Alerter suppose des faits v\u00e9rifiables, une d\u00e9marche prudente et une finalit\u00e9 d\u2019int\u00e9r\u00eat g\u00e9n\u00e9ral. Diffamer consiste \u00e0 attribuer publiquement des faits pr\u00e9cis non \u00e9tablis, portant atteinte \u00e0 l\u2019honneur d\u2019une personne ou d\u2019une institution. Entre les deux, s\u2019\u00e9tend une zone grise dans laquelle circulent de nombreuses publications.<br \/>\nLes exemples sont multiples : accusations contre des commer\u00e7ants, des m\u00e9decins, des enseignants ou des responsables locaux, souvent fond\u00e9es sur des t\u00e9moignages isol\u00e9s ou des s\u00e9quences sorties de leur contexte. Une fois publi\u00e9es, ces informations peuvent devenir virales en quelques heures. L\u2019effet de masse s\u2019installe, les commentaires s\u2019accumulent, les jugements s\u2019imposent, et la personne vis\u00e9e se retrouve parfois condamn\u00e9e dans l\u2019opinion avant toute v\u00e9rification.<br \/>\nCe ph\u00e9nom\u00e8ne est amplifi\u00e9 par la logique m\u00eame des plateformes. Les contenus \u00e9motionnels et accusateurs circulent plus vite que les contenus nuanc\u00e9s. L\u2019indignation devient un moteur de visibilit\u00e9. Dans cet environnement, la prudence et la v\u00e9rification apparaissent souvent comme secondaires, voire p\u00e9nalisantes en termes de diffusion.<\/p>\n<h3 style=\"text-align: center;\">Quid des lanceurs d\u2019alerte ?<\/h3>\n<p>Faut-il pour autant y voir une menace pour la libert\u00e9 d\u2019expression ? La r\u00e9ponse doit \u00eatre nuanc\u00e9e. Ces m\u00eames r\u00e9seaux ont permis de r\u00e9v\u00e9ler des dysfonctionnements r\u00e9els, de briser des silences et de rendre visibles certaines situations d\u2019injustice. L\u2019alerte citoyenne demeure ainsi un outil essentiel de vigilance sociale.<br \/>\nMais une alerte sans rigueur peut basculer dans l\u2019injustice. Et c\u2019est l\u00e0 que se situe l\u2019enjeu central : non pas limiter la parole, mais la responsabiliser. Publier une accusation engage \u00e0 la fois la cr\u00e9dibilit\u00e9 de son auteur et la r\u00e9putation d\u2019autrui. Dans un \u00c9tat de droit, cette responsabilit\u00e9 ne peut \u00eatre ignor\u00e9e.<br \/>\nParall\u00e8lement, le cadre juridique encadrant les lanceurs d\u2019alerte en Alg\u00e9rie vient renforcer cette r\u00e9flexion. Le dispositif repose principalement sur la l\u00e9gislation anticorruption et sur des textes adopt\u00e9s en 2022. Il pr\u00e9voit la confidentialit\u00e9 de l\u2019identit\u00e9 du lanceur d\u2019alerte, afin de prot\u00e9ger les d\u00e9nonciateurs et encourager la parole.<br \/>\nDans certains cas sensibles, une protection physique peut \u00e9galement \u00eatre mise en place. Le Journal officiel n\u00b032 de 2022 confie par ailleurs \u00e0 la Haute Autorit\u00e9 comp\u00e9tente le contr\u00f4le des m\u00e9canismes de pr\u00e9vention et de lutte contre la corruption. Le dispositif pr\u00e9voit aussi une exon\u00e9ration de poursuites pour les d\u00e9nonciations effectu\u00e9es de bonne foi avant toute action judiciaire.<br \/>\nCependant, ces garanties restent strictement encadr\u00e9es. L\u2019alerte doit \u00eatre \u00e9crite, sign\u00e9e et accompagn\u00e9e d\u2019\u00e9l\u00e9ments de preuve suffisants. \u00c0 d\u00e9faut, elle peut \u00eatre requalifi\u00e9e, notamment en cas de d\u00e9nonciation mensong\u00e8re ou diffamatoire.<br \/>\n\u00ab Toute la difficult\u00e9 r\u00e9side dans cette ligne de cr\u00eate entre signalement l\u00e9gitime et atteinte \u00e0 l\u2019honneur \u00bb, explique Me A.B. Dans le m\u00eame sens, Me K.D. estime que \u00ab l\u2019absence de culture juridique du signalement fragilise \u00e0 la fois la protection des lanceurs d\u2019alerte et les droits des personnes mises en cause \u00bb.<br \/>\nDes d\u00e9bats persistent \u00e9galement sur l\u2019efficacit\u00e9 r\u00e9elle du dispositif. Si le cadre l\u00e9gal existe, son application reste in\u00e9gale, parfois frein\u00e9e par des contraintes institutionnelles. Plusieurs observateurs estiment que la protection des lanceurs d\u2019alerte ne peut \u00eatre pleinement effective sans un accompagnement renforc\u00e9 et une plus grande ind\u00e9pendance des m\u00e9canismes de traitement.<br \/>\nDans une perspective d\u2019\u00e9volution, des annonces faites en novembre 2025 \u00e9voquent un renforcement du dispositif, incluant l\u2019introduction possible de m\u00e9canismes incitatifs, notamment des r\u00e9compenses financi\u00e8res. Une orientation destin\u00e9e \u00e0 encourager les signalements, mais qui soul\u00e8ve aussi des interrogations sur les risques de d\u00e9rives.<br \/>\nAu-del\u00e0 du droit, c\u2019est donc une v\u00e9ritable question d\u2019\u00e9quilibre qui se dessine entre libert\u00e9 d\u2019alerter et protection de la r\u00e9putation. Dans un espace public o\u00f9 l\u2019information circule \u00e0 grande vitesse, la justice est appel\u00e9e \u00e0 jouer un r\u00f4le d\u2019arbitre entre transparence et pr\u00e9somption d\u2019innocence.<br \/>\nAinsi, entre r\u00e9seaux sociaux et dispositifs juridiques, se structure une m\u00eame probl\u00e9matique : celle d\u2019une parole d\u00e9sormais imm\u00e9diate, puissante, mais parfois incontr\u00f4l\u00e9e. Une parole qui oblige la soci\u00e9t\u00e9 \u00e0 red\u00e9finir ses propres limites entre information, accusation et responsabilit\u00e9.<br \/>\nKhaled Boudaoui<\/p>\n","protected":false},"excerpt":{"rendered":"<p>Espace d\u2019expression lib\u00e9r\u00e9 pour certains, zone de d\u00e9rives pour d\u2019autres, les r\u00e9seaux sociaux en Alg\u00e9rie red\u00e9finissent profond\u00e9ment les contours de la parole publique. Entre d\u00e9nonciation l\u00e9gitime et accusations infond\u00e9es, la fronti\u00e8re juridique et \u00e9thique devient de plus en plus incertaine. En Alg\u00e9rie, la parole publique a chang\u00e9 de nature. Elle ne passe plus exclusivement par &hellip;<\/p>\n","protected":false},"author":2,"featured_media":21103,"comment_status":"closed","ping_status":"closed","sticky":false,"template":"","format":"standard","meta":{"footnotes":""},"categories":[4,5],"tags":[],"class_list":["post-21089","post","type-post","status-publish","format-standard","has-post-thumbnail","hentry","category-a-la-une","category-actualites"],"_links":{"self":[{"href":"https:\/\/algeriepresse.dz\/index.php?rest_route=\/wp\/v2\/posts\/21089","targetHints":{"allow":["GET"]}}],"collection":[{"href":"https:\/\/algeriepresse.dz\/index.php?rest_route=\/wp\/v2\/posts"}],"about":[{"href":"https:\/\/algeriepresse.dz\/index.php?rest_route=\/wp\/v2\/types\/post"}],"author":[{"embeddable":true,"href":"https:\/\/algeriepresse.dz\/index.php?rest_route=\/wp\/v2\/users\/2"}],"replies":[{"embeddable":true,"href":"https:\/\/algeriepresse.dz\/index.php?rest_route=%2Fwp%2Fv2%2Fcomments&post=21089"}],"version-history":[{"count":1,"href":"https:\/\/algeriepresse.dz\/index.php?rest_route=\/wp\/v2\/posts\/21089\/revisions"}],"predecessor-version":[{"id":21104,"href":"https:\/\/algeriepresse.dz\/index.php?rest_route=\/wp\/v2\/posts\/21089\/revisions\/21104"}],"wp:featuredmedia":[{"embeddable":true,"href":"https:\/\/algeriepresse.dz\/index.php?rest_route=\/wp\/v2\/media\/21103"}],"wp:attachment":[{"href":"https:\/\/algeriepresse.dz\/index.php?rest_route=%2Fwp%2Fv2%2Fmedia&parent=21089"}],"wp:term":[{"taxonomy":"category","embeddable":true,"href":"https:\/\/algeriepresse.dz\/index.php?rest_route=%2Fwp%2Fv2%2Fcategories&post=21089"},{"taxonomy":"post_tag","embeddable":true,"href":"https:\/\/algeriepresse.dz\/index.php?rest_route=%2Fwp%2Fv2%2Ftags&post=21089"}],"curies":[{"name":"wp","href":"https:\/\/api.w.org\/{rel}","templated":true}]}}