{"id":21094,"date":"2026-04-28T18:27:16","date_gmt":"2026-04-28T17:27:16","guid":{"rendered":"https:\/\/algeriepresse.dz\/?p=21094"},"modified":"2026-04-28T18:27:26","modified_gmt":"2026-04-28T17:27:26","slug":"candidatures-aux-legislatives-du-2-juillet-lanie-dresse-son-bilan","status":"publish","type":"post","link":"https:\/\/algeriepresse.dz\/?p=21094","title":{"rendered":"Candidatures aux l\u00e9gislatives du 2 juillet:  L\u2019ANIE dresse son bilan"},"content":{"rendered":"<p>L\u2019Autorit\u00e9 nationale ind\u00e9pendante des \u00e9lections (ANIE) a annonc\u00e9, lundi dans un communiqu\u00e9, le bilan du retrait des dossiers de d\u00e9claration collective de candidature pour l\u2019\u00e9lection des membres de l\u2019Assembl\u00e9e populaire nationale (APN), pr\u00e9vue le 2 juillet prochain.<br \/>\nConcernant le retrait des dossiers de d\u00e9claration collective de candidature pour les circonscriptions \u00e9lectorales \u00e0 l\u2019int\u00e9rieur du pays, l&rsquo;ANIE a pr\u00e9cis\u00e9 que le nombre total a atteint \u00ab\u00a01.223 dossiers \u00e0 travers 69 wilayas, dont 1.041 dossiers pour des listes parrain\u00e9es par 35 partis politiques, un dossier pour une liste parrain\u00e9e par plus d\u2019un parti politique (coalition) et 181 dossiers pour des listes ind\u00e9pendantes\u00a0\u00bb.<br \/>\nS\u2019agissant du nombre total des formulaires de signature individuelle retir\u00e9s, celui-ci a atteint 1.329.915.<br \/>\nPour ce qui est de la circonscription \u00e9lectorale \u00e0 l\u2019\u00e9tranger, le total des dossiers de d\u00e9claration de candidature retir\u00e9s s\u2019est \u00e9lev\u00e9 \u00e0 \u00ab\u00a014 dossiers parrain\u00e9s par 11 partis politiques\u00a0\u00bb, tandis qu'\u00a0\u00bbaucun d\u00e9p\u00f4t de dossier de d\u00e9claration collective de candidature n\u2019a \u00e9t\u00e9 enregistr\u00e9\u00a0\u00bb, selon le communiqu\u00e9. APS<\/p>\n","protected":false},"excerpt":{"rendered":"<p>L\u2019Autorit\u00e9 nationale ind\u00e9pendante des \u00e9lections (ANIE) a annonc\u00e9, lundi dans un communiqu\u00e9, le bilan du retrait des dossiers de d\u00e9claration collective de candidature pour l\u2019\u00e9lection des membres de l\u2019Assembl\u00e9e populaire nationale (APN), pr\u00e9vue le 2 juillet prochain. Concernant le retrait des dossiers de d\u00e9claration collective de candidature pour les circonscriptions \u00e9lectorales \u00e0 l\u2019int\u00e9rieur du pays, &hellip;<\/p>\n","protected":false},"author":2,"featured_media":21098,"comment_status":"closed","ping_status":"closed","sticky":false,"template":"","format":"standard","meta":{"footnotes":""},"categories":[4,5],"tags":[],"class_list":["post-21094","post","type-post","status-publish","format-standard","has-post-thumbnail","hentry","category-a-la-une","category-actualites"],"_links":{"self":[{"href":"https:\/\/algeriepresse.dz\/index.php?rest_route=\/wp\/v2\/posts\/21094","targetHints":{"allow":["GET"]}}],"collection":[{"href":"https:\/\/algeriepresse.dz\/index.php?rest_route=\/wp\/v2\/posts"}],"about":[{"href":"https:\/\/algeriepresse.dz\/index.php?rest_route=\/wp\/v2\/types\/post"}],"author":[{"embeddable":true,"href":"https:\/\/algeriepresse.dz\/index.php?rest_route=\/wp\/v2\/users\/2"}],"replies":[{"embeddable":true,"href":"https:\/\/algeriepresse.dz\/index.php?rest_route=%2Fwp%2Fv2%2Fcomments&post=21094"}],"version-history":[{"count":1,"href":"https:\/\/algeriepresse.dz\/index.php?rest_route=\/wp\/v2\/posts\/21094\/revisions"}],"predecessor-version":[{"id":21099,"href":"https:\/\/algeriepresse.dz\/index.php?rest_route=\/wp\/v2\/posts\/21094\/revisions\/21099"}],"wp:featuredmedia":[{"embeddable":true,"href":"https:\/\/algeriepresse.dz\/index.php?rest_route=\/wp\/v2\/media\/21098"}],"wp:attachment":[{"href":"https:\/\/algeriepresse.dz\/index.php?rest_route=%2Fwp%2Fv2%2Fmedia&parent=21094"}],"wp:term":[{"taxonomy":"category","embeddable":true,"href":"https:\/\/algeriepresse.dz\/index.php?rest_route=%2Fwp%2Fv2%2Fcategories&post=21094"},{"taxonomy":"post_tag","embeddable":true,"href":"https:\/\/algeriepresse.dz\/index.php?rest_route=%2Fwp%2Fv2%2Ftags&post=21094"}],"curies":[{"name":"wp","href":"https:\/\/api.w.org\/{rel}","templated":true}]}}