{"id":21095,"date":"2026-04-28T18:26:43","date_gmt":"2026-04-28T17:26:43","guid":{"rendered":"https:\/\/algeriepresse.dz\/?p=21095"},"modified":"2026-04-28T18:26:43","modified_gmt":"2026-04-28T17:26:43","slug":"defense-nationale-chanegriha-recoit-le-commandant-de-lafricom","status":"publish","type":"post","link":"https:\/\/algeriepresse.dz\/?p=21095","title":{"rendered":"D\u00e9fense nationale : Chanegriha re\u00e7oit le commandant de l\u2019AFRICOM"},"content":{"rendered":"<p>Le G\u00e9n\u00e9ral d\u2019Arm\u00e9e Sa\u00efd Chanegriha, chef d\u2019\u00e9tat-major de l\u2019Arm\u00e9e nationale populaire (ANP) a re\u00e7u, hier mardi, le G\u00e9n\u00e9ral d\u2019Arm\u00e9e Dagvin Anderson, commandant du Commandement militaire am\u00e9ricain pour l\u2019Afrique (AFRICOM).<br \/>\nAu c\u0153ur des \u00e9changes, les deux responsables ont r\u00e9affirm\u00e9 leur volont\u00e9 de consolider le partenariat militaire, dans le prolongement du m\u00e9morandum d\u2019entente sign\u00e9 en janvier 2025. Ce texte constitue une base solide pour approfondir le dialogue strat\u00e9gique et asseoir une coop\u00e9ration durable, fond\u00e9e sur le respect mutuel et les int\u00e9r\u00eats partag\u00e9s.<br \/>\nLe chef d\u2019\u00e9tat-major a r\u00e9affirm\u00e9 l\u2019engagement de l\u2019Alg\u00e9rie, mandat\u00e9e par l\u2019Union africaine, \u00e0 renforcer les m\u00e9canismes de l\u2019initiative continentale commune contre le terrorisme et l\u2019extr\u00e9misme violent. Il a mis en avant les initiatives alg\u00e9riennes, telles que la cr\u00e9ation d\u2019un fonds africain d\u00e9di\u00e9, l\u2019\u00e9tablissement d\u2019une liste continentale des entit\u00e9s criminelles et la mise en place d\u2019un mandat d\u2019arr\u00eat africain, autant d\u2019outils destin\u00e9s \u00e0 structurer une r\u00e9ponse collective et multidimensionnelle.<br \/>\nDe son c\u00f4t\u00e9, le g\u00e9n\u00e9ral Anderson a exprim\u00e9 sa satisfaction de sa visite en Alg\u00e9rie et son aspiration \u00e0 consolider les relations de coop\u00e9ration militaire. Il a salu\u00e9 la contribution de l\u2019ANP au maintien de la s\u00e9curit\u00e9 et de la paix dans la r\u00e9gion, ainsi que le niveau de coordination atteint entre les deux parties.<br \/>\nCh.G<\/p>\n","protected":false},"excerpt":{"rendered":"<p>Le G\u00e9n\u00e9ral d\u2019Arm\u00e9e Sa\u00efd Chanegriha, chef d\u2019\u00e9tat-major de l\u2019Arm\u00e9e nationale populaire (ANP) a re\u00e7u, hier mardi, le G\u00e9n\u00e9ral d\u2019Arm\u00e9e Dagvin Anderson, commandant du Commandement militaire am\u00e9ricain pour l\u2019Afrique (AFRICOM). Au c\u0153ur des \u00e9changes, les deux responsables ont r\u00e9affirm\u00e9 leur volont\u00e9 de consolider le partenariat militaire, dans le prolongement du m\u00e9morandum d\u2019entente sign\u00e9 en janvier 2025. &hellip;<\/p>\n","protected":false},"author":2,"featured_media":0,"comment_status":"closed","ping_status":"closed","sticky":false,"template":"","format":"standard","meta":{"footnotes":""},"categories":[4,5],"tags":[],"class_list":["post-21095","post","type-post","status-publish","format-standard","hentry","category-a-la-une","category-actualites"],"_links":{"self":[{"href":"https:\/\/algeriepresse.dz\/index.php?rest_route=\/wp\/v2\/posts\/21095","targetHints":{"allow":["GET"]}}],"collection":[{"href":"https:\/\/algeriepresse.dz\/index.php?rest_route=\/wp\/v2\/posts"}],"about":[{"href":"https:\/\/algeriepresse.dz\/index.php?rest_route=\/wp\/v2\/types\/post"}],"author":[{"embeddable":true,"href":"https:\/\/algeriepresse.dz\/index.php?rest_route=\/wp\/v2\/users\/2"}],"replies":[{"embeddable":true,"href":"https:\/\/algeriepresse.dz\/index.php?rest_route=%2Fwp%2Fv2%2Fcomments&post=21095"}],"version-history":[{"count":1,"href":"https:\/\/algeriepresse.dz\/index.php?rest_route=\/wp\/v2\/posts\/21095\/revisions"}],"predecessor-version":[{"id":21097,"href":"https:\/\/algeriepresse.dz\/index.php?rest_route=\/wp\/v2\/posts\/21095\/revisions\/21097"}],"wp:attachment":[{"href":"https:\/\/algeriepresse.dz\/index.php?rest_route=%2Fwp%2Fv2%2Fmedia&parent=21095"}],"wp:term":[{"taxonomy":"category","embeddable":true,"href":"https:\/\/algeriepresse.dz\/index.php?rest_route=%2Fwp%2Fv2%2Fcategories&post=21095"},{"taxonomy":"post_tag","embeddable":true,"href":"https:\/\/algeriepresse.dz\/index.php?rest_route=%2Fwp%2Fv2%2Ftags&post=21095"}],"curies":[{"name":"wp","href":"https:\/\/api.w.org\/{rel}","templated":true}]}}