{"id":21105,"date":"2026-04-29T17:51:41","date_gmt":"2026-04-29T16:51:41","guid":{"rendered":"https:\/\/algeriepresse.dz\/?p=21105"},"modified":"2026-04-29T17:51:41","modified_gmt":"2026-04-29T16:51:41","slug":"tribunal-criminel-peine-capitale-contre-un-ex-daqmi","status":"publish","type":"post","link":"https:\/\/algeriepresse.dz\/?p=21105","title":{"rendered":"Tribunal criminel : Peine capitale contre un ex d\u2019AQMI"},"content":{"rendered":"<p>Il avait \u00e0 son actif des assassinats de civils et de militaires, ainsi que des kidnappings. Apr\u00e8s avoir fait opposition \u00e0 sa condamnation \u00e0 mort par d\u00e9faut prononc\u00e9e en 2016, le mis en cause, B. Rachid, a comparu devant le tribunal criminel de premi\u00e8re instance de la Cour d\u2019Oran. \u00c0 l\u2019issue des d\u00e9lib\u00e9rations, et conform\u00e9ment aux r\u00e9quisitions du minist\u00e8re public qui avait r\u00e9clam\u00e9 la peine maximale, le pr\u00e9venu a \u00e9t\u00e9 condamn\u00e9 \u00e0 la peine capitale.<\/p>\n<p>L\u2019affaire remonte au 22 juin 2009, lorsque les \u00e9l\u00e9ments de la Gendarmerie nationale de Bordj El Emir Abdelkader, \u00e0 Tissemsilt, sont saisis d\u2019une plainte d\u00e9pos\u00e9e par B.A. Ce dernier d\u00e9clare que son fils a \u00e9t\u00e9 enlev\u00e9 et qu\u2019une ran\u00e7on est exig\u00e9e pour sa lib\u00e9ration. S\u2019\u00e9tant rendu \u00e0 la ferme o\u00f9 son fils travaillait, le p\u00e8re n&rsquo;y avait trouv\u00e9 que son tracteur abandonn\u00e9 en plein champ. En interrogeant les agriculteurs pr\u00e9sents sur les lieux, il apprendra que cinq individus arm\u00e9s, se r\u00e9clamant d\u2019Al-Qa\u00efda au Maghreb islamique (AQMI), ont kidnapp\u00e9 son fils.<br \/>\nPar ailleurs, le 5 juillet 2010, un citoyen de la m\u00eame r\u00e9gion alertera les gendarmes apr\u00e8s avoir d\u00e9couvert une bombe artisanale dissimul\u00e9e sur un sentier menant \u00e0 la montagne de Sidi Yakoub, pr\u00e9cisant avoir \u00e9t\u00e9 pris en chasse par un terroriste qui l\u2019avait rep\u00e9r\u00e9. Les gendarmes, d\u00e9p\u00each\u00e9s sur place, proc\u00e9deront \u00e0 la destruction de l\u2019engin avant d&rsquo;ouvrir une enqu\u00eate. Les investigations \u00e9tabliront alors un lien entre ces faits et un accrochage survenu le 4 mars 2011 au lieu-dit \u00ab Eddam \u00bb. Cette embuscade s\u2019\u00e9tait sold\u00e9e par la mort d\u2019un militaire et avait fait plusieurs bless\u00e9s. Les rescap\u00e9s expliqueront qu\u2019ils effectuaient une op\u00e9ration de ratissage lorsqu&rsquo;ils ont \u00e9t\u00e9 pris pour cibles par des terroristes. Durant cet \u00e9change de tirs nourris, qui a dur\u00e9 une quinzaine de minutes, les assaillants avaient fait usage d&rsquo;armes automatiques.<br \/>\nUne vingtaine de jours apr\u00e8s ces \u00e9v\u00e9nements, une autre bombe artisanale explosera au passage d\u2019un convoi militaire, faisant deux morts et douze bless\u00e9s. En 2012, une attaque visera la 92e brigade de la police militaire de la localit\u00e9 d\u2019A\u00efn El An\u00e7or, co\u00fbtant la vie au transporteur de pain de l&rsquo;unit\u00e9. Une seconde agression, perp\u00e9tr\u00e9e le jour de l\u2019A\u00efd el-Adha 2012, fera une autre victime parmi les transporteurs d\u2019eau de cette m\u00eame brigade.<br \/>\nLe cours des investigations permettra d&rsquo;identifier le d\u00e9nomm\u00e9 G.A., dit \u00ab Tamiche \u00bb. Une fois arr\u00eat\u00e9 et confront\u00e9 aux faits, il passera aux aveux, affirmant avoir rejoint les groupes arm\u00e9s \u00e0 l\u2019\u00e2ge de huit ans seulement, apr\u00e8s avoir \u00e9t\u00e9 embrigad\u00e9 par le terroriste Baka\u00ef Omar. \u00ab Je renseignais les groupes arm\u00e9s sur les d\u00e9placements des militaires \u00bb, confessera-t-il, tout en reconnaissant avoir activ\u00e9 trois bombes artisanales \u00e0 l\u2019aide de t\u00e9l\u00e9phones portables. Suite \u00e0 ses d\u00e9clarations, quatre autres individus seront interpell\u00e9s.<br \/>\nAppel\u00e9 avant-hier \u00e0 la barre du tribunal criminel de la cour d\u2019Oran, G.A. a d\u00e9clar\u00e9 d\u2019embl\u00e9e, avant m\u00eame son interrogatoire, \u00eatre innocent, ainsi que l&rsquo;ensemble des autres pr\u00e9venus. Entendu \u00e0 son tour, B. Rachid n&rsquo;a pas ni\u00e9 son appartenance aux groupes arm\u00e9s, tout en r\u00e9futant avoir commis des crimes ou tu\u00e9 des innocents. Pour rappel, ses complices avaient \u00e9t\u00e9 condamn\u00e9s en 2016 \u00e0 des peines allant de 15 \u00e0 20 ans de r\u00e9clusion criminelle.<br \/>\nZemmouri L.<\/p>\n<p>&nbsp;<\/p>\n","protected":false},"excerpt":{"rendered":"<p>Il avait \u00e0 son actif des assassinats de civils et de militaires, ainsi que des kidnappings. Apr\u00e8s avoir fait opposition \u00e0 sa condamnation \u00e0 mort par d\u00e9faut prononc\u00e9e en 2016, le mis en cause, B. Rachid, a comparu devant le tribunal criminel de premi\u00e8re instance de la Cour d\u2019Oran. \u00c0 l\u2019issue des d\u00e9lib\u00e9rations, et conform\u00e9ment &hellip;<\/p>\n","protected":false},"author":2,"featured_media":0,"comment_status":"closed","ping_status":"closed","sticky":false,"template":"","format":"standard","meta":{"footnotes":""},"categories":[4,6],"tags":[],"class_list":["post-21105","post","type-post","status-publish","format-standard","hentry","category-a-la-une","category-oran"],"_links":{"self":[{"href":"https:\/\/algeriepresse.dz\/index.php?rest_route=\/wp\/v2\/posts\/21105","targetHints":{"allow":["GET"]}}],"collection":[{"href":"https:\/\/algeriepresse.dz\/index.php?rest_route=\/wp\/v2\/posts"}],"about":[{"href":"https:\/\/algeriepresse.dz\/index.php?rest_route=\/wp\/v2\/types\/post"}],"author":[{"embeddable":true,"href":"https:\/\/algeriepresse.dz\/index.php?rest_route=\/wp\/v2\/users\/2"}],"replies":[{"embeddable":true,"href":"https:\/\/algeriepresse.dz\/index.php?rest_route=%2Fwp%2Fv2%2Fcomments&post=21105"}],"version-history":[{"count":1,"href":"https:\/\/algeriepresse.dz\/index.php?rest_route=\/wp\/v2\/posts\/21105\/revisions"}],"predecessor-version":[{"id":21114,"href":"https:\/\/algeriepresse.dz\/index.php?rest_route=\/wp\/v2\/posts\/21105\/revisions\/21114"}],"wp:attachment":[{"href":"https:\/\/algeriepresse.dz\/index.php?rest_route=%2Fwp%2Fv2%2Fmedia&parent=21105"}],"wp:term":[{"taxonomy":"category","embeddable":true,"href":"https:\/\/algeriepresse.dz\/index.php?rest_route=%2Fwp%2Fv2%2Fcategories&post=21105"},{"taxonomy":"post_tag","embeddable":true,"href":"https:\/\/algeriepresse.dz\/index.php?rest_route=%2Fwp%2Fv2%2Ftags&post=21105"}],"curies":[{"name":"wp","href":"https:\/\/api.w.org\/{rel}","templated":true}]}}