{"id":21107,"date":"2026-04-29T17:53:26","date_gmt":"2026-04-29T16:53:26","guid":{"rendered":"https:\/\/algeriepresse.dz\/?p=21107"},"modified":"2026-04-29T17:53:26","modified_gmt":"2026-04-29T16:53:26","slug":"tabagisme-juvenile-cigarettes-chicha-et-vapotage-se-banalisent","status":"publish","type":"post","link":"https:\/\/algeriepresse.dz\/?p=21107","title":{"rendered":"Tabagisme juv\u00e9nile: Cigarettes, chicha et vapotage  se banalisent"},"content":{"rendered":"<p>\u00c0 Oran, le tabagisme chez les adolescents n\u2019est plus un ph\u00e9nom\u00e8ne marginal. 8,4 % des \u00e9l\u00e8ves sont fumeurs, selon des sp\u00e9cialistes de la sant\u00e9 publique, qui d\u00e9crivent une situation en progression continue, aliment\u00e9e par la mont\u00e9e de la cigarette \u00e9lectronique et la banalisation de la chicha dans les milieux scolaires.<\/p>\n<p>Dans les \u00e9tablissements scolaires de la wilaya, les donn\u00e9es avanc\u00e9es par des professionnels de sant\u00e9 font \u00e9tat de pr\u00e8s de 17,85 % d\u2019\u00e9l\u00e8ves ayant d\u00e9j\u00e0 consomm\u00e9 la chicha, tandis que 4,84 % ont exp\u00e9riment\u00e9 la cigarette \u00e9lectronique. Plus pr\u00e9occupant encore, environ 6 % des enfants \u00e2g\u00e9s de 11 \u00e0 14 ans seraient d\u00e9j\u00e0 initi\u00e9s au tabac, signe d\u2019une entr\u00e9e pr\u00e9coce dans les comportements de d\u00e9pendance, souligne un m\u00e9decin \u00e0 Alg\u00e9rie presse.<br \/>\nSur le terrain, des m\u00e9decins exer\u00e7ant dans les structures sanitaires d\u2019Oran parlent d\u2019une \u00e9volution rapide des usages. Ils constatent une banalisation de la cigarette \u00e9lectronique chez les adolescents et insistent sur un point : elle n\u2019est pas une alternative au tabac classique. La nicotine qu\u2019elle contient et les substances chimiques qu\u2019elle peut lib\u00e9rer sont, selon eux, susceptibles d\u2019affecter directement le syst\u00e8me respiratoire.<br \/>\nM\u00eame constat d\u2019alerte autour de la chicha, largement pr\u00e9sente dans les caf\u00e9s de la ville. Des praticiens du secteur sanitaire soulignent qu\u2019elle expose \u00e0 une inhalation massive de fum\u00e9es toxiques, augmentant les risques de cancers pulmonaires, de maladies cardiovasculaires et d\u2019affections respiratoires. Le partage des dispositifs est \u00e9galement d\u00e9crit comme un facteur aggravant, favorisant la transmission de maladies.<br \/>\nAu-del\u00e0 des chiffres, certains responsables de sant\u00e9 publique \u00e0 Oran parlent d\u2019un ph\u00e9nom\u00e8ne de banalisation sociale. Le tabac et ses d\u00e9riv\u00e9s s\u2019installent progressivement dans les habitudes de loisirs des jeunes, rendant les messages de pr\u00e9vention plus difficiles \u00e0 faire passer.<br \/>\nFace \u00e0 cette situation, les directions de la sant\u00e9, de l\u2019\u00e9ducation et de la jeunesse multiplient les campagnes de sensibilisation dans les \u00e9tablissements scolaires avec pour objectif : freiner l\u2019initiation pr\u00e9coce et r\u00e9duire la consommation chez les jeunes d\u00e9j\u00e0 expos\u00e9s.<br \/>\nK.B<\/p>\n","protected":false},"excerpt":{"rendered":"<p>\u00c0 Oran, le tabagisme chez les adolescents n\u2019est plus un ph\u00e9nom\u00e8ne marginal. 8,4 % des \u00e9l\u00e8ves sont fumeurs, selon des sp\u00e9cialistes de la sant\u00e9 publique, qui d\u00e9crivent une situation en progression continue, aliment\u00e9e par la mont\u00e9e de la cigarette \u00e9lectronique et la banalisation de la chicha dans les milieux scolaires. Dans les \u00e9tablissements scolaires de &hellip;<\/p>\n","protected":false},"author":2,"featured_media":21116,"comment_status":"closed","ping_status":"closed","sticky":false,"template":"","format":"standard","meta":{"footnotes":""},"categories":[4,6],"tags":[],"class_list":["post-21107","post","type-post","status-publish","format-standard","has-post-thumbnail","hentry","category-a-la-une","category-oran"],"_links":{"self":[{"href":"https:\/\/algeriepresse.dz\/index.php?rest_route=\/wp\/v2\/posts\/21107","targetHints":{"allow":["GET"]}}],"collection":[{"href":"https:\/\/algeriepresse.dz\/index.php?rest_route=\/wp\/v2\/posts"}],"about":[{"href":"https:\/\/algeriepresse.dz\/index.php?rest_route=\/wp\/v2\/types\/post"}],"author":[{"embeddable":true,"href":"https:\/\/algeriepresse.dz\/index.php?rest_route=\/wp\/v2\/users\/2"}],"replies":[{"embeddable":true,"href":"https:\/\/algeriepresse.dz\/index.php?rest_route=%2Fwp%2Fv2%2Fcomments&post=21107"}],"version-history":[{"count":1,"href":"https:\/\/algeriepresse.dz\/index.php?rest_route=\/wp\/v2\/posts\/21107\/revisions"}],"predecessor-version":[{"id":21117,"href":"https:\/\/algeriepresse.dz\/index.php?rest_route=\/wp\/v2\/posts\/21107\/revisions\/21117"}],"wp:featuredmedia":[{"embeddable":true,"href":"https:\/\/algeriepresse.dz\/index.php?rest_route=\/wp\/v2\/media\/21116"}],"wp:attachment":[{"href":"https:\/\/algeriepresse.dz\/index.php?rest_route=%2Fwp%2Fv2%2Fmedia&parent=21107"}],"wp:term":[{"taxonomy":"category","embeddable":true,"href":"https:\/\/algeriepresse.dz\/index.php?rest_route=%2Fwp%2Fv2%2Fcategories&post=21107"},{"taxonomy":"post_tag","embeddable":true,"href":"https:\/\/algeriepresse.dz\/index.php?rest_route=%2Fwp%2Fv2%2Ftags&post=21107"}],"curies":[{"name":"wp","href":"https:\/\/api.w.org\/{rel}","templated":true}]}}