{"id":21109,"date":"2026-04-29T17:54:01","date_gmt":"2026-04-29T16:54:01","guid":{"rendered":"https:\/\/algeriepresse.dz\/?p=21109"},"modified":"2026-04-29T17:54:01","modified_gmt":"2026-04-29T16:54:01","slug":"sante-et-bien-etre-du-travailleur-une-priorite-nationale","status":"publish","type":"post","link":"https:\/\/algeriepresse.dz\/?p=21109","title":{"rendered":"Sant\u00e9 et bien-\u00eatre du travailleur : Une priorit\u00e9 nationale"},"content":{"rendered":"<p>Le ministre du Travail, de l\u2019Emploi et de la S\u00e9curit\u00e9 sociale, Abdelhak Saihi, a affirm\u00e9 mardi que la sant\u00e9 et le bien-\u00eatre du travailleur constituent une priorit\u00e9 nationale et un pilier fondamental des politiques publiques. Cette d\u00e9claration a \u00e9t\u00e9 faite lors de la c\u00e9l\u00e9bration de la Journ\u00e9e mondiale de la s\u00e9curit\u00e9 et de la sant\u00e9 au travail, plac\u00e9e cette ann\u00e9e sous le th\u00e8me \u00ab Agissons pour un environnement de travail psychosocial sain \u00bb.<br \/>\nSaihi a rappel\u00e9 que l\u2019\u00c9tat a mis en place un dispositif juridique int\u00e9gr\u00e9, fond\u00e9 sur la Constitution, qui consacre la protection de la dignit\u00e9 humaine et la s\u00e9curit\u00e9 au travail. Ce cadre l\u00e9gislatif impose aux entreprises de garantir un environnement professionnel sain, notamment sur le plan psychosocial. Le ministre a tenu \u00e0 mettre en avant les efforts r\u00e9alis\u00e9s : plus de 269.000 interventions de contr\u00f4le en milieu professionnel, 24.000 travailleurs form\u00e9s et sensibilis\u00e9s, et 87.000 examens m\u00e9dicaux pr\u00e9ventifs effectu\u00e9s dans le cadre de la m\u00e9decine du travail. Ces indicateurs traduisent une volont\u00e9 politique claire de placer l\u2019\u00e9l\u00e9ment humain au c\u0153ur du d\u00e9veloppement et de renforcer la culture de pr\u00e9vention.De son c\u00f4t\u00e9, le ministre de la Sant\u00e9, Mohamed Seddik A\u00eft Messaoudene, a annonc\u00e9 la pr\u00e9paration d\u2019un plan national strat\u00e9gique de sant\u00e9 en milieu professionnel (2026-2030). Ce programme vise \u00e0 renforcer la pr\u00e9vention, d\u00e9velopper le suivi m\u00e9dical des travailleurs et moderniser les cadres r\u00e9glementaires, afin de s\u2019adapter aux mutations rapides du monde du travail. De son c\u00f4t\u00e9, le directeur du Bureau de l\u2019Organisation internationale du travail (OIT) en Alg\u00e9rie, Halim Hamzaoui, a salu\u00e9 les efforts du pays en mati\u00e8re de s\u00e9curit\u00e9 et de sant\u00e9 au travail, relevant une convergence notable entre la l\u00e9gislation alg\u00e9rienne et les normes internationales. En marge de la c\u00e9r\u00e9monie, deux conventions ont \u00e9t\u00e9 sign\u00e9es avec le groupe Cosider et la SGSIA (Soci\u00e9t\u00e9 de gestion des services et infrastructures a\u00e9roportuaires d\u2019Alger), dans le domaine de la pr\u00e9vention et de la m\u00e9decine du travail. T. Feriel<\/p>\n","protected":false},"excerpt":{"rendered":"<p>Le ministre du Travail, de l\u2019Emploi et de la S\u00e9curit\u00e9 sociale, Abdelhak Saihi, a affirm\u00e9 mardi que la sant\u00e9 et le bien-\u00eatre du travailleur constituent une priorit\u00e9 nationale et un pilier fondamental des politiques publiques. Cette d\u00e9claration a \u00e9t\u00e9 faite lors de la c\u00e9l\u00e9bration de la Journ\u00e9e mondiale de la s\u00e9curit\u00e9 et de la sant\u00e9 &hellip;<\/p>\n","protected":false},"author":2,"featured_media":0,"comment_status":"closed","ping_status":"closed","sticky":false,"template":"","format":"standard","meta":{"footnotes":""},"categories":[4,5],"tags":[],"class_list":["post-21109","post","type-post","status-publish","format-standard","hentry","category-a-la-une","category-actualites"],"_links":{"self":[{"href":"https:\/\/algeriepresse.dz\/index.php?rest_route=\/wp\/v2\/posts\/21109","targetHints":{"allow":["GET"]}}],"collection":[{"href":"https:\/\/algeriepresse.dz\/index.php?rest_route=\/wp\/v2\/posts"}],"about":[{"href":"https:\/\/algeriepresse.dz\/index.php?rest_route=\/wp\/v2\/types\/post"}],"author":[{"embeddable":true,"href":"https:\/\/algeriepresse.dz\/index.php?rest_route=\/wp\/v2\/users\/2"}],"replies":[{"embeddable":true,"href":"https:\/\/algeriepresse.dz\/index.php?rest_route=%2Fwp%2Fv2%2Fcomments&post=21109"}],"version-history":[{"count":1,"href":"https:\/\/algeriepresse.dz\/index.php?rest_route=\/wp\/v2\/posts\/21109\/revisions"}],"predecessor-version":[{"id":21119,"href":"https:\/\/algeriepresse.dz\/index.php?rest_route=\/wp\/v2\/posts\/21109\/revisions\/21119"}],"wp:attachment":[{"href":"https:\/\/algeriepresse.dz\/index.php?rest_route=%2Fwp%2Fv2%2Fmedia&parent=21109"}],"wp:term":[{"taxonomy":"category","embeddable":true,"href":"https:\/\/algeriepresse.dz\/index.php?rest_route=%2Fwp%2Fv2%2Fcategories&post=21109"},{"taxonomy":"post_tag","embeddable":true,"href":"https:\/\/algeriepresse.dz\/index.php?rest_route=%2Fwp%2Fv2%2Ftags&post=21109"}],"curies":[{"name":"wp","href":"https:\/\/api.w.org\/{rel}","templated":true}]}}