{"id":21111,"date":"2026-04-29T17:55:48","date_gmt":"2026-04-29T16:55:48","guid":{"rendered":"https:\/\/algeriepresse.dz\/?p=21111"},"modified":"2026-04-29T17:55:48","modified_gmt":"2026-04-29T16:55:48","slug":"relations-algero-etatsuniennes-une-visite-aux-enjeux-strategiques","status":"publish","type":"post","link":"https:\/\/algeriepresse.dz\/?p=21111","title":{"rendered":"Relations alg\u00e9ro-\u00e9tatsuniennes :  Une visite aux enjeux strat\u00e9giques"},"content":{"rendered":"<p>&nbsp;<\/p>\n<p>La visite en Alg\u00e9rie du secr\u00e9taire d\u2019\u00c9tat adjoint am\u00e9ricain, Christopher Landau, et du commandant de l\u2019AFRICOM, le G\u00e9n\u00e9ral d\u2019Arm\u00e9e Dagvin Anderson, a marqu\u00e9 une \u00e9tape importante dans les relations bilat\u00e9rales. Re\u00e7us par le pr\u00e9sident de la R\u00e9publique, Abdelmadjid Tebboune, les deux responsables ont affich\u00e9 la volont\u00e9 de Washington de renforcer la coop\u00e9ration \u00e9conomique et s\u00e9curitaire avec Alger, dans un contexte r\u00e9gional et international en pleine mutation.<\/p>\n<p>Lors de son intervention, Landau a rappel\u00e9 la profondeur historique des relations alg\u00e9ro-am\u00e9ricaines, remontant \u00e0 1795, lorsque George Washington et le dey Hassan Pacha avaient sign\u00e9 un trait\u00e9 de paix et d\u2019amiti\u00e9. Il a soulign\u00e9 que l\u2019Alg\u00e9rie fut parmi les premiers pays \u00e0 reconna\u00eetre l\u2019ind\u00e9pendance des \u00c9tats-Unis, et que Washington avait \u00e9galement \u00e9t\u00e9 parmi les premiers \u00e0 \u00e9tablir des relations diplomatiques avec l\u2019Alg\u00e9rie apr\u00e8s 1962.<br \/>\nLe responsable am\u00e9ricain a insist\u00e9 sur les \u00ab \u00e9normes potentialit\u00e9s \u00bb de coop\u00e9ration, notamment dans les domaines \u00e9conomique et commercial, au b\u00e9n\u00e9fice des deux peuples. Il a \u00e9galement mis en avant la n\u00e9cessit\u00e9 de travailler ensemble face aux d\u00e9fis s\u00e9curitaires dans la r\u00e9gion du Sahel, tout en \u00e9voquant la question du Sahara occidental, qui demeure une probl\u00e9matique r\u00e9gionale majeure.<br \/>\nDe son c\u00f4t\u00e9, le G\u00e9n\u00e9ral Anderson a salu\u00e9 l\u2019exp\u00e9rience de l\u2019Alg\u00e9rie dans la lutte contre le terrorisme et son r\u00f4le de pilier de stabilit\u00e9 r\u00e9gionale. Il a exprim\u00e9 la volont\u00e9 des \u00c9tats-Unis de consolider davantage la coop\u00e9ration s\u00e9curitaire, estimant que les solutions militaires doivent \u00eatre accompagn\u00e9es d\u2019investissements \u00e9conomiques et sociaux pour \u00eatre durables. Anderson a \u00e9galement mis en avant les valeurs communes de souverainet\u00e9 et de dignit\u00e9, rappelant que les deux pays partagent une histoire marqu\u00e9e par la lutte contre la colonisation.<br \/>\nCommentant cette visite, le politologue et expert en planification strat\u00e9gique, Mohamed Ch\u00e9rif Daroui, a estim\u00e9 qu\u2019elle \u00ab porte des significations politiques, s\u00e9curitaires et diplomatiques \u00bb et intervient dans un contexte international sensible. Selon lui, l\u2019Alg\u00e9rie s\u2019impose aujourd\u2019hui comme un acteur r\u00e9gional incontournable, et cette rencontre traduit une volont\u00e9 de reconfigurer les relations alg\u00e9ro-am\u00e9ricaines sur des bases nouvelles, d\u00e9passant le cadre strictement technique ou militaire.<br \/>\nDaroui a rappel\u00e9 que les \u00c9tats-Unis recherchent des partenaires stables et fiables, et que l\u2019Alg\u00e9rie r\u00e9pond \u00e0 ces crit\u00e8res gr\u00e2ce \u00e0 une diplomatie transparente et une exp\u00e9rience reconnue dans la lutte contre le terrorisme et la criminalit\u00e9 transnationale. Il a soulign\u00e9 que le vide s\u00e9curitaire dans le Sahara pousse Washington \u00e0 s\u2019appuyer sur l\u2019expertise alg\u00e9rienne, jug\u00e9e capable de d\u00e9manteler les organisations criminelles \u00e0 la racine.<br \/>\nG. Salima<\/p>\n","protected":false},"excerpt":{"rendered":"<p>&nbsp; La visite en Alg\u00e9rie du secr\u00e9taire d\u2019\u00c9tat adjoint am\u00e9ricain, Christopher Landau, et du commandant de l\u2019AFRICOM, le G\u00e9n\u00e9ral d\u2019Arm\u00e9e Dagvin Anderson, a marqu\u00e9 une \u00e9tape importante dans les relations bilat\u00e9rales. Re\u00e7us par le pr\u00e9sident de la R\u00e9publique, Abdelmadjid Tebboune, les deux responsables ont affich\u00e9 la volont\u00e9 de Washington de renforcer la coop\u00e9ration \u00e9conomique et &hellip;<\/p>\n","protected":false},"author":2,"featured_media":21125,"comment_status":"closed","ping_status":"closed","sticky":false,"template":"","format":"standard","meta":{"footnotes":""},"categories":[4,5,28],"tags":[],"class_list":["post-21111","post","type-post","status-publish","format-standard","has-post-thumbnail","hentry","category-a-la-une","category-actualites","category-tie-world"],"_links":{"self":[{"href":"https:\/\/algeriepresse.dz\/index.php?rest_route=\/wp\/v2\/posts\/21111","targetHints":{"allow":["GET"]}}],"collection":[{"href":"https:\/\/algeriepresse.dz\/index.php?rest_route=\/wp\/v2\/posts"}],"about":[{"href":"https:\/\/algeriepresse.dz\/index.php?rest_route=\/wp\/v2\/types\/post"}],"author":[{"embeddable":true,"href":"https:\/\/algeriepresse.dz\/index.php?rest_route=\/wp\/v2\/users\/2"}],"replies":[{"embeddable":true,"href":"https:\/\/algeriepresse.dz\/index.php?rest_route=%2Fwp%2Fv2%2Fcomments&post=21111"}],"version-history":[{"count":1,"href":"https:\/\/algeriepresse.dz\/index.php?rest_route=\/wp\/v2\/posts\/21111\/revisions"}],"predecessor-version":[{"id":21126,"href":"https:\/\/algeriepresse.dz\/index.php?rest_route=\/wp\/v2\/posts\/21111\/revisions\/21126"}],"wp:featuredmedia":[{"embeddable":true,"href":"https:\/\/algeriepresse.dz\/index.php?rest_route=\/wp\/v2\/media\/21125"}],"wp:attachment":[{"href":"https:\/\/algeriepresse.dz\/index.php?rest_route=%2Fwp%2Fv2%2Fmedia&parent=21111"}],"wp:term":[{"taxonomy":"category","embeddable":true,"href":"https:\/\/algeriepresse.dz\/index.php?rest_route=%2Fwp%2Fv2%2Fcategories&post=21111"},{"taxonomy":"post_tag","embeddable":true,"href":"https:\/\/algeriepresse.dz\/index.php?rest_route=%2Fwp%2Fv2%2Ftags&post=21111"}],"curies":[{"name":"wp","href":"https:\/\/api.w.org\/{rel}","templated":true}]}}