{"id":21112,"date":"2026-04-29T17:56:02","date_gmt":"2026-04-29T16:56:02","guid":{"rendered":"https:\/\/algeriepresse.dz\/?p=21112"},"modified":"2026-04-29T17:56:02","modified_gmt":"2026-04-29T16:56:02","slug":"ghrieb-a-tissemsilt-et-batna-lautomobile-et-les-unites-confisquees-au-menu","status":"publish","type":"post","link":"https:\/\/algeriepresse.dz\/?p=21112","title":{"rendered":"Ghrieb \u00e0 Tissemsilt et Batna: L\u2019automobile et les unit\u00e9s confisqu\u00e9es au menu"},"content":{"rendered":"<p>Le Premier ministre Sifi Ghrieb a effectu\u00e9 ce mercredi une visite de travail dans les wilayas de Tissemsilt et Batna, consacr\u00e9e au lancement et \u00e0 l\u2019inauguration de projets industriels strat\u00e9giques.<br \/>\nCes initiatives s\u2019inscrivent dans la politique nationale de relance du secteur automobile et de r\u00e9int\u00e9gration des unit\u00e9s confisqu\u00e9es dans le circuit \u00e9conomique.<br \/>\n\u00c0 Tissemsilt, le Premier ministre a supervis\u00e9 le lancement du projet General Plastic Injection (GPI), une unit\u00e9 de production de composants et accessoires plastiques destin\u00e9s \u00e0 l\u2019industrie automobile. Cette usine, qui doit entrer en production en septembre prochain, produira diff\u00e9rents accessoires int\u00e9grant des technologies avanc\u00e9es.<br \/>\nSifi Ghrieb a rappel\u00e9 que ce projet s\u2019inscrit dans les engagements du pr\u00e9sident Tebboune relatifs \u00e0 la r\u00e9cup\u00e9ration et \u00e0 la relance des biens confisqu\u00e9s par des d\u00e9cisions de justice d\u00e9finitives. \u00ab Ce projet insufflera une nouvelle dynamique \u00e0 l\u2019industrie automobile en Alg\u00e9rie \u00bb, a-t-il d\u00e9clar\u00e9, en soulignant la volont\u00e9 de r\u00e9duire la d\u00e9pendance aux importations et de renforcer la production nationale.<br \/>\nDans la wilaya de Batna, le Premier ministre a proc\u00e9d\u00e9 \u00e0 l\u2019inauguration d\u2019une unit\u00e9 d\u2019assemblage de chambres frigorifiques destin\u00e9es aux camions, situ\u00e9e dans la zone industrielle de Kachida. Il a estim\u00e9 que la relance de cette unit\u00e9 constitue \u00ab une \u00e9tape importante dans le processus de r\u00e9cup\u00e9ration des actifs industriels \u00bb, soulignant que \u00ab le r\u00f4le revient d\u00e9sormais aux travailleurs et aux gestionnaires pour assurer la r\u00e9ussite du projet et atteindre les objectifs qui lui sont assign\u00e9s \u00bb.<br \/>\nCette unit\u00e9, relevant de la soci\u00e9t\u00e9 de maintenance de l\u2019Est, filiale du groupe industriel des ciments d\u2019Alg\u00e9rie \u00ab GICA \u00bb, est un actif r\u00e9cup\u00e9r\u00e9 dans le cadre de la mise en \u0153uvre des instructions du pr\u00e9sident de la R\u00e9publique relatives \u00e0 la r\u00e9habilitation et \u00e0 la relance des actifs industriels confisqu\u00e9s en vertu de d\u00e9cisions judiciaires d\u00e9finitives.<br \/>\nL\u2019unit\u00e9, s\u2019\u00e9tendant sur une superficie de 10 700 m\u00b2, a repris ses activit\u00e9s avec la r\u00e9int\u00e9gration des travailleurs, enregistrant un taux d\u2019int\u00e9gration locale estim\u00e9 \u00e0 100 %, contribuant ainsi \u00e0 r\u00e9pondre aux besoins du march\u00e9 national qui conna\u00eet une demande croissante pour ce type d\u2019\u00e9quipements.<br \/>\nLe Premier ministre a \u00e9galement lanc\u00e9 un projet d&rsquo;usine de production de pi\u00e8ces et composants m\u00e9talliques par emboutissage. Apr\u00e8s avoir suivi un expos\u00e9 d\u00e9taill\u00e9 sur ce projet relevant de la Soci\u00e9t\u00e9 de maintenance de l&rsquo;Est (SME), filiale du Groupe industriel des ciments d&rsquo;Alg\u00e9rie (GICA), il a indiqu\u00e9 que cet investissement s&rsquo;inscrivait dans les efforts de l&rsquo;Etat visant \u00e0 relancer l&rsquo;industrie nationale et \u00e0 renforcer le taux d&rsquo;int\u00e9gration dans la fili\u00e8re de l&rsquo;industrie automobile.<br \/>\nSitu\u00e9 dans la zone industrielle de Djerma, ce projet est un actif r\u00e9cup\u00e9r\u00e9 dans le cadre de l&rsquo;application des instructions du pr\u00e9sident de la R\u00e9publique relatives \u00e0 la r\u00e9habilitation et \u00e0 la relance des actifs industriels confisqu\u00e9s en vertu de d\u00e9cisions judiciaires d\u00e9finitives. Ces actifs s&rsquo;\u00e9tendent sur une superficie totale estim\u00e9e \u00e0 50 hectares.<\/p>\n<p>Selon les explications fournies, cet investissement, d&rsquo;un montant de 6 milliards DA, permettra d&rsquo;atteindre une capacit\u00e9 de production destin\u00e9e \u00e0 \u00e9quiper 150 000 v\u00e9hicules par an, tout en g\u00e9n\u00e9rant 150 emplois directs et indirects.<br \/>\nLe projet s&rsquo;appuie \u00e9galement sur des \u00e9quipements industriels modernes, dont quatre presses de formage et d&#8217;emboutissage d&rsquo;une capacit\u00e9 allant jusqu&rsquo;\u00e0 2.300 tonnes, permettant la production de pi\u00e8ces de t\u00f4lerie destin\u00e9es aux v\u00e9hicules de tourisme, utilitaires et poids lourds.<br \/>\nCe projet est \u00e0 m\u00eame de contribuer \u00e0 la localisation de la fabrication des structures automobiles en Alg\u00e9rie et \u00e0 la r\u00e9duction de la d\u00e9pendance aux importations, outre le soutien au tissu industriel national et la cr\u00e9ation d&rsquo;une dynamique \u00e9conomique au niveau local.<br \/>\nSynth\u00e8se D.Z<\/p>\n","protected":false},"excerpt":{"rendered":"<p>Le Premier ministre Sifi Ghrieb a effectu\u00e9 ce mercredi une visite de travail dans les wilayas de Tissemsilt et Batna, consacr\u00e9e au lancement et \u00e0 l\u2019inauguration de projets industriels strat\u00e9giques. Ces initiatives s\u2019inscrivent dans la politique nationale de relance du secteur automobile et de r\u00e9int\u00e9gration des unit\u00e9s confisqu\u00e9es dans le circuit \u00e9conomique. \u00c0 Tissemsilt, le &hellip;<\/p>\n","protected":false},"author":2,"featured_media":21127,"comment_status":"closed","ping_status":"closed","sticky":false,"template":"","format":"standard","meta":{"footnotes":""},"categories":[4,5],"tags":[],"class_list":["post-21112","post","type-post","status-publish","format-standard","has-post-thumbnail","hentry","category-a-la-une","category-actualites"],"_links":{"self":[{"href":"https:\/\/algeriepresse.dz\/index.php?rest_route=\/wp\/v2\/posts\/21112","targetHints":{"allow":["GET"]}}],"collection":[{"href":"https:\/\/algeriepresse.dz\/index.php?rest_route=\/wp\/v2\/posts"}],"about":[{"href":"https:\/\/algeriepresse.dz\/index.php?rest_route=\/wp\/v2\/types\/post"}],"author":[{"embeddable":true,"href":"https:\/\/algeriepresse.dz\/index.php?rest_route=\/wp\/v2\/users\/2"}],"replies":[{"embeddable":true,"href":"https:\/\/algeriepresse.dz\/index.php?rest_route=%2Fwp%2Fv2%2Fcomments&post=21112"}],"version-history":[{"count":1,"href":"https:\/\/algeriepresse.dz\/index.php?rest_route=\/wp\/v2\/posts\/21112\/revisions"}],"predecessor-version":[{"id":21128,"href":"https:\/\/algeriepresse.dz\/index.php?rest_route=\/wp\/v2\/posts\/21112\/revisions\/21128"}],"wp:featuredmedia":[{"embeddable":true,"href":"https:\/\/algeriepresse.dz\/index.php?rest_route=\/wp\/v2\/media\/21127"}],"wp:attachment":[{"href":"https:\/\/algeriepresse.dz\/index.php?rest_route=%2Fwp%2Fv2%2Fmedia&parent=21112"}],"wp:term":[{"taxonomy":"category","embeddable":true,"href":"https:\/\/algeriepresse.dz\/index.php?rest_route=%2Fwp%2Fv2%2Fcategories&post=21112"},{"taxonomy":"post_tag","embeddable":true,"href":"https:\/\/algeriepresse.dz\/index.php?rest_route=%2Fwp%2Fv2%2Ftags&post=21112"}],"curies":[{"name":"wp","href":"https:\/\/api.w.org\/{rel}","templated":true}]}}