{"id":3275,"date":"2023-10-28T17:11:41","date_gmt":"2023-10-28T17:11:41","guid":{"rendered":"https:\/\/algeriepresse.dz\/?p=3275"},"modified":"2023-10-28T18:13:41","modified_gmt":"2023-10-28T18:13:41","slug":"hassi-mefsoukh-demolition-des-extensions-illegales","status":"publish","type":"post","link":"https:\/\/algeriepresse.dz\/?p=3275","title":{"rendered":"Hassi Mefsoukh D\u00e9molition des extensions ill\u00e9gales"},"content":{"rendered":"<p>Les autorit\u00e9s communales de Hassi Mefsoukh ont lanc\u00e9, ce vendredi, une op\u00e9ration de d\u00e9molition des extensions ill\u00e9gales le long de la RN 11. Cette action s&rsquo;inscrit dans une d\u00e9marche visant \u00e0 \u00e9radiquer un probl\u00e8me qui a consid\u00e9rablement affect\u00e9 le paysage de la ville. Les extensions en question sont des agrandissements partiellement rattach\u00e9s aux habitations, construits par les locataires des rez-de-chauss\u00e9e des immeubles de divers quartiers en marge d&rsquo;une art\u00e8re principale reliant les villes d&rsquo;Oran et de Mostaganem. Le ph\u00e9nom\u00e8ne des extensions ill\u00e9gales prend de l&rsquo;ampleur dans plusieurs communes de la r\u00e9gion, notamment \u00e0 Ben Fr\u00e9ha et Hassi Mefsoukh, dans la da\u00efra de Gdyel.<br \/>\n<strong>F. A<\/strong><\/p>\n","protected":false},"excerpt":{"rendered":"<p>Les autorit\u00e9s communales de Hassi Mefsoukh ont lanc\u00e9, ce vendredi, une op\u00e9ration de d\u00e9molition des extensions ill\u00e9gales le long de la RN 11. Cette action s&rsquo;inscrit dans une d\u00e9marche visant \u00e0 \u00e9radiquer un probl\u00e8me qui a consid\u00e9rablement affect\u00e9 le paysage de la ville. Les extensions en question sont des agrandissements partiellement rattach\u00e9s aux habitations, construits &hellip;<\/p>\n","protected":false},"author":2,"featured_media":3279,"comment_status":"closed","ping_status":"closed","sticky":false,"template":"","format":"standard","meta":{"footnotes":""},"categories":[4,6],"tags":[],"class_list":["post-3275","post","type-post","status-publish","format-standard","has-post-thumbnail","hentry","category-a-la-une","category-oran"],"_links":{"self":[{"href":"https:\/\/algeriepresse.dz\/index.php?rest_route=\/wp\/v2\/posts\/3275","targetHints":{"allow":["GET"]}}],"collection":[{"href":"https:\/\/algeriepresse.dz\/index.php?rest_route=\/wp\/v2\/posts"}],"about":[{"href":"https:\/\/algeriepresse.dz\/index.php?rest_route=\/wp\/v2\/types\/post"}],"author":[{"embeddable":true,"href":"https:\/\/algeriepresse.dz\/index.php?rest_route=\/wp\/v2\/users\/2"}],"replies":[{"embeddable":true,"href":"https:\/\/algeriepresse.dz\/index.php?rest_route=%2Fwp%2Fv2%2Fcomments&post=3275"}],"version-history":[{"count":1,"href":"https:\/\/algeriepresse.dz\/index.php?rest_route=\/wp\/v2\/posts\/3275\/revisions"}],"predecessor-version":[{"id":3280,"href":"https:\/\/algeriepresse.dz\/index.php?rest_route=\/wp\/v2\/posts\/3275\/revisions\/3280"}],"wp:featuredmedia":[{"embeddable":true,"href":"https:\/\/algeriepresse.dz\/index.php?rest_route=\/wp\/v2\/media\/3279"}],"wp:attachment":[{"href":"https:\/\/algeriepresse.dz\/index.php?rest_route=%2Fwp%2Fv2%2Fmedia&parent=3275"}],"wp:term":[{"taxonomy":"category","embeddable":true,"href":"https:\/\/algeriepresse.dz\/index.php?rest_route=%2Fwp%2Fv2%2Fcategories&post=3275"},{"taxonomy":"post_tag","embeddable":true,"href":"https:\/\/algeriepresse.dz\/index.php?rest_route=%2Fwp%2Fv2%2Ftags&post=3275"}],"curies":[{"name":"wp","href":"https:\/\/api.w.org\/{rel}","templated":true}]}}