{"id":7233,"date":"2024-06-02T19:27:52","date_gmt":"2024-06-02T18:27:52","guid":{"rendered":"https:\/\/algeriepresse.dz\/?p=7233"},"modified":"2024-06-02T19:27:52","modified_gmt":"2024-06-02T18:27:52","slug":"victime-dun-grave-accident-de-la-route-les-oranais-solidaires-avec-moussa-mustapha","status":"publish","type":"post","link":"https:\/\/algeriepresse.dz\/?p=7233","title":{"rendered":"Victime d\u2019un grave accident de la route : Les Oranais solidaires avec Moussa Mustapha"},"content":{"rendered":"<p>Le parc Abdelhamid-Ibn-Badis d\u2019Oran a abrit\u00e9, samedi, une initiative de solidarit\u00e9 avec l\u2019ancien champion de boxe Moussa Mustapha, hospitalis\u00e9 depuis quelques jours, suite \u00e0 un accident de la route.<br \/>\nCette initiative organis\u00e9e par un groupe d\u2019associations, soit \u00abla Coordination de la citoyennet\u00e9 durable\u00bb, le \u00abGroupement des peintures d\u2019Oran\u00bb et \u00abl\u2019Association du quartier Bel Air\u00bb, en guise de reconnaissance du riche parcours sportif de ce h\u00e9ros qui a honor\u00e9 les couleurs nationales dans les enceintes internationales, vainqueur de la premi\u00e8re m\u00e9daille pour l\u2019Alg\u00e9rie aux Jeux olympiques de Los Angeles (Etats-Unis d\u2019Am\u00e9rique) en 1984.<br \/>\nLe pr\u00e9sident de l\u2019association \u00abQuartier Bel Air\u00bb, Benalla Karim, a soulign\u00e9, dans son allocution, que cette manifestation, qui a enregistr\u00e9 la participation de nombreux sportifs, dont l\u2019ancien boxeur Mohamed Boudchiche, et quelques associations et clubs \u00e0 caract\u00e8re sportif, social et culturel, vise \u00e0 rassembler les familles des boxeurs d\u2019Oran d\u2019une part, et \u00e0 lancer un appel pour transf\u00e9rer Moussa Mustapha \u00e0 l\u2019\u00e9tranger pour le faire soigner.<br \/>\nUne exposition de photos a \u00e9t\u00e9 organis\u00e9e en cette occasion, mettant en lumi\u00e8re les combats les plus importants du boxeur Moussa Mustapha, 62 ans, dans les diff\u00e9rents championnats internationaux et africains, tout au long de sa carri\u00e8re sportive, en plus de t\u00e9moignages vivants par ceux qu\u2019ils l\u2019ont c\u00f4toy\u00e9. Des matchs de boxe d\u2019exhibition ont \u00e9galement \u00e9t\u00e9 organis\u00e9s dans les cat\u00e9gories 13 et 14 ans et la famille de l\u2019ancien boxeur Moussa Mustapha a \u00e9t\u00e9 honor\u00e9e.<\/p>\n","protected":false},"excerpt":{"rendered":"<p>Le parc Abdelhamid-Ibn-Badis d\u2019Oran a abrit\u00e9, samedi, une initiative de solidarit\u00e9 avec l\u2019ancien champion de boxe Moussa Mustapha, hospitalis\u00e9 depuis quelques jours, suite \u00e0 un accident de la route. Cette initiative organis\u00e9e par un groupe d\u2019associations, soit \u00abla Coordination de la citoyennet\u00e9 durable\u00bb, le \u00abGroupement des peintures d\u2019Oran\u00bb et \u00abl\u2019Association du quartier Bel Air\u00bb, en &hellip;<\/p>\n","protected":false},"author":2,"featured_media":7234,"comment_status":"closed","ping_status":"closed","sticky":false,"template":"","format":"standard","meta":{"footnotes":""},"categories":[4,6],"tags":[],"class_list":["post-7233","post","type-post","status-publish","format-standard","has-post-thumbnail","hentry","category-a-la-une","category-oran"],"_links":{"self":[{"href":"https:\/\/algeriepresse.dz\/index.php?rest_route=\/wp\/v2\/posts\/7233","targetHints":{"allow":["GET"]}}],"collection":[{"href":"https:\/\/algeriepresse.dz\/index.php?rest_route=\/wp\/v2\/posts"}],"about":[{"href":"https:\/\/algeriepresse.dz\/index.php?rest_route=\/wp\/v2\/types\/post"}],"author":[{"embeddable":true,"href":"https:\/\/algeriepresse.dz\/index.php?rest_route=\/wp\/v2\/users\/2"}],"replies":[{"embeddable":true,"href":"https:\/\/algeriepresse.dz\/index.php?rest_route=%2Fwp%2Fv2%2Fcomments&post=7233"}],"version-history":[{"count":1,"href":"https:\/\/algeriepresse.dz\/index.php?rest_route=\/wp\/v2\/posts\/7233\/revisions"}],"predecessor-version":[{"id":7235,"href":"https:\/\/algeriepresse.dz\/index.php?rest_route=\/wp\/v2\/posts\/7233\/revisions\/7235"}],"wp:featuredmedia":[{"embeddable":true,"href":"https:\/\/algeriepresse.dz\/index.php?rest_route=\/wp\/v2\/media\/7234"}],"wp:attachment":[{"href":"https:\/\/algeriepresse.dz\/index.php?rest_route=%2Fwp%2Fv2%2Fmedia&parent=7233"}],"wp:term":[{"taxonomy":"category","embeddable":true,"href":"https:\/\/algeriepresse.dz\/index.php?rest_route=%2Fwp%2Fv2%2Fcategories&post=7233"},{"taxonomy":"post_tag","embeddable":true,"href":"https:\/\/algeriepresse.dz\/index.php?rest_route=%2Fwp%2Fv2%2Ftags&post=7233"}],"curies":[{"name":"wp","href":"https:\/\/api.w.org\/{rel}","templated":true}]}}