{"id":7236,"date":"2024-06-02T19:28:50","date_gmt":"2024-06-02T18:28:50","guid":{"rendered":"https:\/\/algeriepresse.dz\/?p=7236"},"modified":"2024-06-02T19:28:50","modified_gmt":"2024-06-02T18:28:50","slug":"a-partir-de-ryad-arkab-participe-aux-reunions-de-lopep-lopep-et-du-jmmc","status":"publish","type":"post","link":"https:\/\/algeriepresse.dz\/?p=7236","title":{"rendered":"A partir de Ryad : Arkab participe aux r\u00e9unions  de l&rsquo;OPEP, l&rsquo;OPEP+ et du JMMC"},"content":{"rendered":"<p>Le ministre de l\u2019Energie et des Mines, Mohamed Arkab, a particip\u00e9 ce dimanche, \u00e0 partir de Ryadh (Arabie saoudite) par visioconf\u00e9rence, aux travaux de la 188e r\u00e9union de la Conf\u00e9rence de l\u2019Organisation des Pays Exportateurs de P\u00e9trole (OPEP), de la 54e r\u00e9union du Comit\u00e9 minist\u00e9riel conjoint de suivi (JMMC) et de la 37e r\u00e9union minist\u00e9rielle OPEP et non-OPEP (OPEP+), a indiqu\u00e9 un communiqu\u00e9 du minist\u00e8re.<\/p>\n<p>Lors de ces r\u00e9unions, les ministres en charge du p\u00e9trole et les repr\u00e9sentants des pays signataires de la D\u00e9claration de Coop\u00e9ration, OPEP+, ont \u00ab\u00e9chang\u00e9 des points de vue sur la situation actuelle du march\u00e9 p\u00e9trolier international et ses perspectives d\u2019\u00e9volution \u00e0 court terme\u00bb, a expliqu\u00e9 la m\u00eame source.<br \/>\nLa conjoncture \u00e9conomique mondiale demeure \u00abincertaine\u00bb quant \u00e0 son \u00e9volution \u00e0 court terme, en raison notamment d\u2019une \u00abcroissance stagnante dans les pays industrialis\u00e9s et d\u2019une croissance \u00e9conomique mod\u00e9r\u00e9e dans de nombreux pays \u00e9mergents\u00bb, a fait savoir le communiqu\u00e9.<br \/>\nAlors que la demande mondiale de p\u00e9trole montre des signes de ralentissement en raison des incertitudes pesant sur la croissance \u00e9conomique dans plusieurs r\u00e9gions, \u00able march\u00e9 p\u00e9trolier reste largement bien approvisionn\u00e9\u00bb, a-t-on ajout\u00e9.<br \/>\nA l\u2019issue des discussions, \u00abil est apparu clairement que les d\u00e9cisions prises, collectivement et individuellement, pour ajuster la production des pays de l\u2019OPEP+ au cours des derni\u00e8res ann\u00e9es ont \u00e9t\u00e9 b\u00e9n\u00e9fiques, d\u00e9montrant leur efficacit\u00e9 pour atteindre l\u2019\u00e9quilibre et la stabilit\u00e9 du march\u00e9\u00bb, a affirm\u00e9 le minist\u00e8re.<br \/>\nPar ailleurs, M. Arkab a \u00e9galement particip\u00e9 \u00e0 une r\u00e9union de coordination, tenue \u00e0 Riyad, r\u00e9unissant les pays de l\u2019OPEP+ effectuant volontairement des baisses additionnelles de leur production.<br \/>\nA l\u2019issue des discussions, les ministres en charge du p\u00e9trole de l\u2019Alg\u00e9rie, de l\u2019Arabie saoudite, des Emirats arabes unis, de l\u2019Irak, du Kazakhstan, du Kowe\u00eft, d\u2019Oman et de la Russie ont d\u00e9cid\u00e9 de poursuivre les r\u00e9ductions volontaires de production jusqu\u2019\u00e0 la fin 2025, a annonc\u00e9 la m\u00eame source.<br \/>\nEn marge des r\u00e9unions de l\u2019OPEP+, M. Arkab s&rsquo;est entretenu avec le ministre saoudien de l\u2019Energie, le Prince Abdulaziz Bin Salman, afin de discuter \u00abdes moyens de renforcer les relations bilat\u00e9rales entre les deux pays dans le secteur de l\u2019\u00e9nergie, notamment en mati\u00e8re d\u2019\u00e9change d&rsquo;exp\u00e9riences et de promotion des investissements\u00bb, a-t-on expliqu\u00e9.<br \/>\nM. Arkab a \u00e9galement eu des discussions sur des questions d&rsquo;int\u00e9r\u00eat commun avec plusieurs ministres pr\u00e9sents \u00e0 Riyad, dont les vice-premiers ministres russe et irakien, ainsi que les ministres en charge du p\u00e9trole du Kazakhstan et du Koweit.<\/p>\n","protected":false},"excerpt":{"rendered":"<p>Le ministre de l\u2019Energie et des Mines, Mohamed Arkab, a particip\u00e9 ce dimanche, \u00e0 partir de Ryadh (Arabie saoudite) par visioconf\u00e9rence, aux travaux de la 188e r\u00e9union de la Conf\u00e9rence de l\u2019Organisation des Pays Exportateurs de P\u00e9trole (OPEP), de la 54e r\u00e9union du Comit\u00e9 minist\u00e9riel conjoint de suivi (JMMC) et de la 37e r\u00e9union minist\u00e9rielle &hellip;<\/p>\n","protected":false},"author":2,"featured_media":7237,"comment_status":"closed","ping_status":"closed","sticky":false,"template":"","format":"standard","meta":{"footnotes":""},"categories":[4,5],"tags":[],"class_list":["post-7236","post","type-post","status-publish","format-standard","has-post-thumbnail","hentry","category-a-la-une","category-actualites"],"_links":{"self":[{"href":"https:\/\/algeriepresse.dz\/index.php?rest_route=\/wp\/v2\/posts\/7236","targetHints":{"allow":["GET"]}}],"collection":[{"href":"https:\/\/algeriepresse.dz\/index.php?rest_route=\/wp\/v2\/posts"}],"about":[{"href":"https:\/\/algeriepresse.dz\/index.php?rest_route=\/wp\/v2\/types\/post"}],"author":[{"embeddable":true,"href":"https:\/\/algeriepresse.dz\/index.php?rest_route=\/wp\/v2\/users\/2"}],"replies":[{"embeddable":true,"href":"https:\/\/algeriepresse.dz\/index.php?rest_route=%2Fwp%2Fv2%2Fcomments&post=7236"}],"version-history":[{"count":1,"href":"https:\/\/algeriepresse.dz\/index.php?rest_route=\/wp\/v2\/posts\/7236\/revisions"}],"predecessor-version":[{"id":7238,"href":"https:\/\/algeriepresse.dz\/index.php?rest_route=\/wp\/v2\/posts\/7236\/revisions\/7238"}],"wp:featuredmedia":[{"embeddable":true,"href":"https:\/\/algeriepresse.dz\/index.php?rest_route=\/wp\/v2\/media\/7237"}],"wp:attachment":[{"href":"https:\/\/algeriepresse.dz\/index.php?rest_route=%2Fwp%2Fv2%2Fmedia&parent=7236"}],"wp:term":[{"taxonomy":"category","embeddable":true,"href":"https:\/\/algeriepresse.dz\/index.php?rest_route=%2Fwp%2Fv2%2Fcategories&post=7236"},{"taxonomy":"post_tag","embeddable":true,"href":"https:\/\/algeriepresse.dz\/index.php?rest_route=%2Fwp%2Fv2%2Ftags&post=7236"}],"curies":[{"name":"wp","href":"https:\/\/api.w.org\/{rel}","templated":true}]}}