{"id":7255,"date":"2024-06-03T18:53:03","date_gmt":"2024-06-03T17:53:03","guid":{"rendered":"https:\/\/algeriepresse.dz\/?p=7255"},"modified":"2024-06-03T18:53:03","modified_gmt":"2024-06-03T17:53:03","slug":"said-chanegriha-preside-louverture-dun-colloque-la-defense-nationale-face-a-la-guerre-cognitive","status":"publish","type":"post","link":"https:\/\/algeriepresse.dz\/?p=7255","title":{"rendered":"Sa\u00efd Chanegriha pr\u00e9side l&rsquo;ouverture d&rsquo;un colloque:  \u00ab la D\u00e9fense nationale face \u00e0 la guerre cognitive \u00bb"},"content":{"rendered":"<p>Le G\u00e9n\u00e9ral d&rsquo;Arm\u00e9e, Sa\u00efd Chanegriha, Chef d&rsquo;Etat-major de l&rsquo;Arm\u00e9e nationale populaire (ANP), a pr\u00e9sid\u00e9 lundi au Cercle national de l&rsquo;Arm\u00e9e, \u00e0 B\u00e9ni Messous (Alger), l&rsquo;ouverture des travaux d&rsquo;un colloque national sur \u00ab\u00a0la D\u00e9fense nationale face \u00e0 la guerre cognitive\u00a0\u00bb, en pr\u00e9sence de plusiuers hauts cadres civils et militaires, a indiqu\u00e9 un communiqu\u00e9 du minist\u00e8re de la D\u00e9fense nationale.<br \/>\nL&rsquo;organisation de ce colloque national intervient dans \u00ab\u00a0un contexte g\u00e9opolitique r\u00e9gional et international, caract\u00e9ris\u00e9 par les mutations, la complexification des crises et l&rsquo;enchev\u00eatrement des menaces, ce qui rend difficile toute lecture prospective de l&rsquo;\u00e9volution de celles-ci\u00a0\u00bb, a affirm\u00e9 le G\u00e9n\u00e9ral d&rsquo;Arm\u00e9e, ajoutant que \u00ab\u00a0ceci est d&rsquo;autant plus vrai que les puissances actuelles et celles \u00e9mergentes sont en comp\u00e9tition acharn\u00e9e pour \u00e9tendre leur influence et imposer leur contr\u00f4le sur les ressources et les richesses des pays du Sud, sans tenir compte des \u00e9ventuelles retomb\u00e9es sur la s\u00e9curit\u00e9 r\u00e9gionale et internationale et sur le droit des peuples en d\u00e9veloppement de vivre dans la s\u00e9curit\u00e9, la paix et la dignit\u00e9\u00a0\u00bb.<br \/>\nLe G\u00e9n\u00e9ral d\u2019Arm\u00e9e a mis l&rsquo;accent sur \u00ab\u00a0la n\u00e9cessit\u00e9 qu&rsquo;il y a pour l&rsquo;ensemble des acteurs nationaux de f\u00e9d\u00e9rer leurs efforts afin de lutter efficacement contre les desseins hostiles et remporter les enjeux de d\u00e9veloppement de notre pays\u00a0\u00bb. \u00ab\u00a0Ce colloque national qui traite une des formes de guerres les plus dangereuses pour la conscience des peuples et la stabilit\u00e9 des Etats, a pour objectif de mettre la lumi\u00e8re et de prendre conscience de la gravit\u00e9 strat\u00e9gique de ce qui pourrait se tramer contre notre pays, par l&rsquo;exploitation des technologies des guerres de 5\u00e8me g\u00e9n\u00e9ration. Exemple en est, les pratiques sournoises exerc\u00e9es ces derniers temps par des parties hostiles \u00e0 l&rsquo;Alg\u00e9rie, en raison de son attachement \u00e0 ses positions constantes et \u00e0 sa d\u00e9cision souveraine, ainsi que de son soutien aux causes justes \u00e0 travers le monde\u00a0\u00bb, a-t-il relev\u00e9.<br \/>\nIl a affirm\u00e9 qu\u2019il appartient \u00e0 l&rsquo;ensemble des acteurs nationaux, \u00e0 savoir les institutions de l&rsquo;Etat, la soci\u00e9t\u00e9 civile, les \u00e9lites et toutes les cat\u00e9gories de citoyens, de f\u00e9d\u00e9rer leurs efforts afin de renforcer la stabilit\u00e9 syst\u00e9mique de l&rsquo;Etat et de lutter efficacement contre les \u00e9ventuelles hostilit\u00e9s.<br \/>\nLors des conf\u00e9rences programm\u00e9es, les professeurs et les experts participants ont abord\u00e9 \u00ab\u00a0le concept de la guerre cognitive et ses formes, les risques et les menaces g\u00e9n\u00e9r\u00e9es par celle-ci, ainsi que les moyens d&rsquo;y faire face selon une perspective \u00e9tudi\u00e9e, notamment dans un contexte international marqu\u00e9 par une dissolution des fronti\u00e8res entre l&rsquo;\u00e9tat de paix et de guerre, ainsi qu&rsquo;une exacerbation des menaces asym\u00e9triques transfrontali\u00e8res\u00a0\u00bb, a relev\u00e9 la m\u00eame source.<br \/>\nCes conf\u00e9rences ont \u00e9t\u00e9 ponctu\u00e9es par \u00ab\u00a0les d\u00e9bats et les interventions des experts et des cadres qui ont donn\u00e9 des conceptions et des id\u00e9es ayant contribu\u00e9 \u00e0 l&rsquo;enrichissement de ce colloque et ses recommandations\u00a0\u00bb.<\/p>\n","protected":false},"excerpt":{"rendered":"<p>Le G\u00e9n\u00e9ral d&rsquo;Arm\u00e9e, Sa\u00efd Chanegriha, Chef d&rsquo;Etat-major de l&rsquo;Arm\u00e9e nationale populaire (ANP), a pr\u00e9sid\u00e9 lundi au Cercle national de l&rsquo;Arm\u00e9e, \u00e0 B\u00e9ni Messous (Alger), l&rsquo;ouverture des travaux d&rsquo;un colloque national sur \u00ab\u00a0la D\u00e9fense nationale face \u00e0 la guerre cognitive\u00a0\u00bb, en pr\u00e9sence de plusiuers hauts cadres civils et militaires, a indiqu\u00e9 un communiqu\u00e9 du minist\u00e8re de &hellip;<\/p>\n","protected":false},"author":2,"featured_media":7256,"comment_status":"closed","ping_status":"closed","sticky":false,"template":"","format":"standard","meta":{"footnotes":""},"categories":[4,5],"tags":[],"class_list":["post-7255","post","type-post","status-publish","format-standard","has-post-thumbnail","hentry","category-a-la-une","category-actualites"],"_links":{"self":[{"href":"https:\/\/algeriepresse.dz\/index.php?rest_route=\/wp\/v2\/posts\/7255","targetHints":{"allow":["GET"]}}],"collection":[{"href":"https:\/\/algeriepresse.dz\/index.php?rest_route=\/wp\/v2\/posts"}],"about":[{"href":"https:\/\/algeriepresse.dz\/index.php?rest_route=\/wp\/v2\/types\/post"}],"author":[{"embeddable":true,"href":"https:\/\/algeriepresse.dz\/index.php?rest_route=\/wp\/v2\/users\/2"}],"replies":[{"embeddable":true,"href":"https:\/\/algeriepresse.dz\/index.php?rest_route=%2Fwp%2Fv2%2Fcomments&post=7255"}],"version-history":[{"count":1,"href":"https:\/\/algeriepresse.dz\/index.php?rest_route=\/wp\/v2\/posts\/7255\/revisions"}],"predecessor-version":[{"id":7257,"href":"https:\/\/algeriepresse.dz\/index.php?rest_route=\/wp\/v2\/posts\/7255\/revisions\/7257"}],"wp:featuredmedia":[{"embeddable":true,"href":"https:\/\/algeriepresse.dz\/index.php?rest_route=\/wp\/v2\/media\/7256"}],"wp:attachment":[{"href":"https:\/\/algeriepresse.dz\/index.php?rest_route=%2Fwp%2Fv2%2Fmedia&parent=7255"}],"wp:term":[{"taxonomy":"category","embeddable":true,"href":"https:\/\/algeriepresse.dz\/index.php?rest_route=%2Fwp%2Fv2%2Fcategories&post=7255"},{"taxonomy":"post_tag","embeddable":true,"href":"https:\/\/algeriepresse.dz\/index.php?rest_route=%2Fwp%2Fv2%2Ftags&post=7255"}],"curies":[{"name":"wp","href":"https:\/\/api.w.org\/{rel}","templated":true}]}}