{"id":7262,"date":"2024-06-03T18:55:13","date_gmt":"2024-06-03T17:55:13","guid":{"rendered":"https:\/\/algeriepresse.dz\/?p=7262"},"modified":"2024-06-03T18:55:13","modified_gmt":"2024-06-03T17:55:13","slug":"7262","status":"publish","type":"post","link":"https:\/\/algeriepresse.dz\/?p=7262","title":{"rendered":""},"content":{"rendered":"<p>Le tribunal criminel d\u2019appel de la Cour d\u2019Oran a jug\u00e9 ce dimanche une affaire li\u00e9e au terrorisme o\u00f9 huit mis en cause devaient \u00e9taient poursuivis pour apologie au terrorisme et recrutement d\u2019\u00e9l\u00e9ments terroristes pour rejoindre Daesh en utilisant les r\u00e9seaux sociaux. A l\u2019issue des d\u00e9lib\u00e9rations, quatre pr\u00e9venus dont le principal accus\u00e9, A.Ch, alias Djilibib, un ressortissant marocain, ont \u00e9t\u00e9 condamn\u00e9s \u00e0 quatre ans de prison ferme. Les autres pr\u00e9venus ont \u00e9t\u00e9 acquitt\u00e9s.<br \/>\nTout a commenc\u00e9 lorsque les \u00e9l\u00e9ments s\u00e9curitaires charg\u00e9s de surveiller les publications sur les r\u00e9seaux sociaux, ont \u00e9t\u00e9 attir\u00e9s par un compte subversif sur lequel un certain hamza avait post\u00e9 plusieurs publications sur les activit\u00e9s de Daesh. Ce suspect, qui \u00e9tait en contact avec plusieurs internautes, s\u2019affichait avec une photo au visage cach\u00e9 et avait inscrit sur son compte un message en langue russe qui voulait dire \u00ab les loups agissant seul \u00bb.<br \/>\nSuite aux investigations, le propri\u00e9taire de ce compte a \u00e9t\u00e9 identifi\u00e9 comme \u00e9tant K.H., r\u00e9sidant \u00e0 Bouhani, dans la wilaya de Mascara. Une seconde personne est \u00e9galement dentifi\u00e9e, en l\u2019occurrence F.H., lui aussi de la m\u00eame localit\u00e9. La perquisition de son domicile a permis de saisir plusieurs preuves compromettantes. Interrog\u00e9, il a affirm\u00e9 \u00eatre en contact d\u2019autres \u00e9l\u00e9ments de Daesh, citant ses complices. Des aveux qui ont permis aux enqu\u00eateurs d\u2019interpeller deux personnes qui s\u2019appr\u00eataient \u00e0 quitter la wilaya de Mascara apr\u00e8s avoir appris qu\u2019elles \u00e9taient surveill\u00e9es.<br \/>\nPar ailleurs, il a \u00e9t\u00e9 d\u00e9termin\u00e9 le r\u00f4le de chaque \u00e9l\u00e9ment de ce r\u00e9seau. Ainsi, A.Ch., en \u00e9tait l\u2019\u00e9mir alors que Z.B.T., \u00e9tait destin\u00e9 \u00e0 accomplir des attentats suicides. Les autres suspects \u00e9taient charg\u00e9s de la communication, des finances et de la logistique. L\u2019enqu\u00eate a \u00e9galement d\u00e9termin\u00e9 que ce r\u00e9seau activait de l\u2019Ouest du pays vers la Capitale o\u00f9 plusieurs de ses \u00e9l\u00e9ments ont \u00e9t\u00e9 appr\u00e9hend\u00e9s.<br \/>\nCit\u00e9s \u00e0 la barre du tribunal criminel, les pr\u00e9venus, sans r\u00e9futer leur sympathie pour Daesh, ont ni\u00e9 avoir fait son apologie ou encore tent\u00e9 d\u2019embrigader d\u2019autres personnes. Quant \u00e0 A.Ch, il a pr\u00e9cis\u00e9 qu\u2019il tenait ses discours au niveau de son domicile et non \u00e0 l\u2019ext\u00e9rieur. Le repr\u00e9sentant du minist\u00e8re public, qui a insist\u00e9 sur la gravit\u00e9 des faits, a requis la perp\u00e9tuit\u00e9 contre les pr\u00e9venus.<br \/>\n<strong>Zemmouri. L<\/strong><\/p>\n","protected":false},"excerpt":{"rendered":"<p>Le tribunal criminel d\u2019appel de la Cour d\u2019Oran a jug\u00e9 ce dimanche une affaire li\u00e9e au terrorisme o\u00f9 huit mis en cause devaient \u00e9taient poursuivis pour apologie au terrorisme et recrutement d\u2019\u00e9l\u00e9ments terroristes pour rejoindre Daesh en utilisant les r\u00e9seaux sociaux. A l\u2019issue des d\u00e9lib\u00e9rations, quatre pr\u00e9venus dont le principal accus\u00e9, A.Ch, alias Djilibib, un &hellip;<\/p>\n","protected":false},"author":2,"featured_media":4334,"comment_status":"closed","ping_status":"closed","sticky":false,"template":"","format":"standard","meta":{"footnotes":""},"categories":[4,6],"tags":[],"class_list":["post-7262","post","type-post","status-publish","format-standard","has-post-thumbnail","hentry","category-a-la-une","category-oran"],"_links":{"self":[{"href":"https:\/\/algeriepresse.dz\/index.php?rest_route=\/wp\/v2\/posts\/7262","targetHints":{"allow":["GET"]}}],"collection":[{"href":"https:\/\/algeriepresse.dz\/index.php?rest_route=\/wp\/v2\/posts"}],"about":[{"href":"https:\/\/algeriepresse.dz\/index.php?rest_route=\/wp\/v2\/types\/post"}],"author":[{"embeddable":true,"href":"https:\/\/algeriepresse.dz\/index.php?rest_route=\/wp\/v2\/users\/2"}],"replies":[{"embeddable":true,"href":"https:\/\/algeriepresse.dz\/index.php?rest_route=%2Fwp%2Fv2%2Fcomments&post=7262"}],"version-history":[{"count":1,"href":"https:\/\/algeriepresse.dz\/index.php?rest_route=\/wp\/v2\/posts\/7262\/revisions"}],"predecessor-version":[{"id":7263,"href":"https:\/\/algeriepresse.dz\/index.php?rest_route=\/wp\/v2\/posts\/7262\/revisions\/7263"}],"wp:featuredmedia":[{"embeddable":true,"href":"https:\/\/algeriepresse.dz\/index.php?rest_route=\/wp\/v2\/media\/4334"}],"wp:attachment":[{"href":"https:\/\/algeriepresse.dz\/index.php?rest_route=%2Fwp%2Fv2%2Fmedia&parent=7262"}],"wp:term":[{"taxonomy":"category","embeddable":true,"href":"https:\/\/algeriepresse.dz\/index.php?rest_route=%2Fwp%2Fv2%2Fcategories&post=7262"},{"taxonomy":"post_tag","embeddable":true,"href":"https:\/\/algeriepresse.dz\/index.php?rest_route=%2Fwp%2Fv2%2Ftags&post=7262"}],"curies":[{"name":"wp","href":"https:\/\/api.w.org\/{rel}","templated":true}]}}